{"id":1068,"date":"2023-05-16T06:45:11","date_gmt":"2023-05-16T06:45:11","guid":{"rendered":"https:\/\/hasansaygin.com\/tr\/?p=1068"},"modified":"2024-10-30T06:39:09","modified_gmt":"2024-10-30T06:39:09","slug":"surdurulebilir-kent-planlama-ekseninde-enerji-verimliligi-ve-ekoloji","status":"publish","type":"post","link":"https:\/\/hasansaygin.com\/tr\/surdurulebilir-kent-planlama-ekseninde-enerji-verimliligi-ve-ekoloji\/","title":{"rendered":"S\u00fcrd\u00fcr\u00fclebilir Kent Planlama Ekseninde Enerji Verimlili\u011fi ve Ekoloji"},"content":{"rendered":"<p><strong><span style=\"font-family: Courier;\"><span style=\"font-size: medium;\"><span style=\"color: #000000;\">Tan\u0131mlama:<\/span><\/span><\/span><\/strong><\/p>\n<p align=\"justify\"><span style=\"font-family: Courier;\"><span style=\"font-size: medium;\"><span style=\"color: #000000;\">Gelecek nesillerin sa\u011fl\u0131kl\u0131 ve dengeli bir \u00e7evrede ya\u015fama hakk\u0131, k\u00fcresel iklim de\u011fi\u015fikli\u011fi ve do\u011fal kaynaklar\u0131n h\u0131zla t\u00fckenmesi tehlikesi nedeniyle tehdit alt\u0131ndad\u0131r. K\u00fcresel enerji t\u00fcketiminin en az %60&#8217;\u0131 kentlerde ger\u00e7ekle\u015firken, t\u00fcketilen t\u00fcm kaynaklar\u0131n en az %30&#8217;undan in\u015faat sekt\u00f6r\u00fc sorumludur. Bu ba\u011flamda, kentler ve toplumlar, \u00fcretim ve t\u00fcketim tarzlar\u0131nda h\u0131zl\u0131 ve k\u00f6kl\u00fc bir de\u011fi\u015fim ge\u00e7irme zorunlulu\u011fuyla kar\u015f\u0131 kar\u015f\u0131yad\u0131r.<\/span><\/span><\/span><\/p>\n<p align=\"justify\"><span style=\"font-family: Courier;\"><span style=\"font-size: medium;\"><span style=\"color: #000000;\">BM \u0130klim De\u011fi\u015fikli\u011fi \u00c7er\u00e7eve S\u00f6zle\u015fmesi Taraflar Konferanslar\u0131n\u0131n (COP) y\u0131ll\u0131k raporlar\u0131, k\u00fcresel \u0131s\u0131nmada geri d\u00f6n\u00fclemez e\u015fi\u011fe \u00e7ok yakla\u015f\u0131ld\u0131\u011f\u0131n\u0131n, devlet b\u00fcrokrasilerinin hantall\u0131\u011f\u0131n\u0131n, k\u0131sa vadeli \u00e7\u0131kar \u00e7at\u0131\u015fmalar\u0131n\u0131n gelecek nesillerin ya\u015fama hakk\u0131n\u0131 \u00e2deta yok sayd\u0131\u011f\u0131n\u0131n ispat\u0131 niteli\u011findedir. Buna kar\u015f\u0131n giderek geli\u015fen sivil k\u00fcresel iklim hareketinin daha da b\u00fcy\u00fct\u00fclmesi ve t\u00fcm d\u00fcnya toplumlar\u0131 geneline yayg\u0131nla\u015ft\u0131r\u0131lmas\u0131 hayati \u00f6nem kazanmaktad\u0131r; k\u00fcresel iklim de\u011fi\u015fikli\u011fi ile ba\u015fa \u00e7\u0131kma m\u00fccadelesi sadece devlet y\u00f6netimlerinin inisiyatifine ve uluslararas\u0131 ili\u015fkilerin hantall\u0131\u011f\u0131na b\u0131rak\u0131lamayacak kadar ya\u015famsal ve elzemdir.<\/span><\/span><\/span><\/p>\n<p align=\"justify\"><span style=\"font-family: Courier;\"><span style=\"font-size: medium;\"><span style=\"color: #000000;\">Bu kitap, bu perspektifle \u00e7a\u011fr\u0131s\u0131 yap\u0131lan ve \u201cS\u00fcrd\u00fcr\u00fclebilir Kent Planlama Ekseninde\u201d ekoloji, ekonomi, toplum \u00fcst temalar\u0131 alt\u0131nda \u00e7e\u015fitlenecek bir serinin ba\u015flang\u0131c\u0131n\u0131 olu\u015fturan kolektif ve bilimsel bir eserdir. T\u00fcm ba\u015fvurular editoryal de\u011ferlendirme s\u00fcrecinden ge\u00e7mi\u015f, kitapta yer alan her bir \u00e7al\u0131\u015fma, bilim kurulu taraf\u0131ndan k\u00f6r de\u011ferlendirme y\u00f6ntemi ile kritik edilmi\u015ftir.<br \/>\nYay\u0131n\u0131n en \u00f6nemli hedefi akademik bilginin, akademik mecran\u0131n \u00f6tesine ta\u015f\u0131narak toplumun her kesiminin eri\u015fimine sunulmas\u0131d\u0131r.<\/span><\/span><\/span><\/p>\n<p><strong><span style=\"font-family: Courier;\"><span style=\"font-size: medium;\"><span style=\"color: #000000;\">Hasan Sayg\u0131n<\/span><\/span><\/span><\/strong><span style=\"font-family: Courier;\"><span style=\"font-size: medium;\"><span style=\"color: #000000;\">,S\u00fcleyman Balyemez, Hasan Volkan Oral (Edit\u00f6rler) <strong><span style=\"font-family: Courier;\"><span style=\"font-size: medium;\"><span style=\"color: #000000;\">(Mart 2023)<\/span><\/span><\/span><\/strong> S\u00fcrd\u00fcr\u00fclebilir Kent Planlama Ekseninde Enerji Verimlili\u011fi ve Ekoloji, <strong><span style=\"font-family: Courier;\"><span style=\"font-size: medium;\"><span style=\"color: #000000;\">Nobel Bilimsel Eserler, ISBN <\/span><\/span><\/span><\/strong>978-625-398-274-4,<strong><span style=\"font-family: Courier;\"><span style=\"font-size: medium;\"><span style=\"color: #000000;\">E-ISBN <\/span><\/span><\/span><\/strong> 978-625-398-275-1.<\/span><\/span><\/span><\/p>\n","protected":false},"excerpt":{"rendered":"<p>Tan\u0131mlama: Gelecek nesillerin sa\u011fl\u0131kl\u0131 ve dengeli bir \u00e7evrede ya\u015fama hakk\u0131, k\u00fcresel iklim de\u011fi\u015fikli\u011fi ve do\u011fal kaynaklar\u0131n h\u0131zla t\u00fckenmesi tehlikesi nedeniyle tehdit alt\u0131ndad\u0131r. K\u00fcresel enerji t\u00fcketiminin en az %60&#8217;\u0131 kentlerde ger\u00e7ekle\u015firken, t\u00fcketilen t\u00fcm kaynaklar\u0131n en az %30&#8217;undan in\u015faat sekt\u00f6r\u00fc sorumludur. Bu ba\u011flamda, kentler ve toplumlar, \u00fcretim ve t\u00fcketim tarzlar\u0131nda h\u0131zl\u0131 ve k\u00f6kl\u00fc bir de\u011fi\u015fim ge\u00e7irme zorunlulu\u011fuyla &hellip; <\/p>\n<p class=\"link-more\"><a href=\"https:\/\/hasansaygin.com\/tr\/surdurulebilir-kent-planlama-ekseninde-enerji-verimliligi-ve-ekoloji\/\" class=\"more-link\">Continue reading<span class=\"screen-reader-text\"> &#8220;S\u00fcrd\u00fcr\u00fclebilir Kent Planlama Ekseninde Enerji Verimlili\u011fi ve Ekoloji&#8221;<\/span><\/a><\/p>\n","protected":false},"author":1,"featured_media":1067,"comment_status":"closed","ping_status":"closed","sticky":false,"template":"","format":"standard","meta":{"footnotes":""},"categories":[4],"tags":[],"class_list":["post-1068","post","type-post","status-publish","format-standard","has-post-thumbnail","hentry","category-kitaplar","entry"],"_links":{"self":[{"href":"https:\/\/hasansaygin.com\/tr\/wp-json\/wp\/v2\/posts\/1068","targetHints":{"allow":["GET"]}}],"collection":[{"href":"https:\/\/hasansaygin.com\/tr\/wp-json\/wp\/v2\/posts"}],"about":[{"href":"https:\/\/hasansaygin.com\/tr\/wp-json\/wp\/v2\/types\/post"}],"author":[{"embeddable":true,"href":"https:\/\/hasansaygin.com\/tr\/wp-json\/wp\/v2\/users\/1"}],"replies":[{"embeddable":true,"href":"https:\/\/hasansaygin.com\/tr\/wp-json\/wp\/v2\/comments?post=1068"}],"version-history":[{"count":6,"href":"https:\/\/hasansaygin.com\/tr\/wp-json\/wp\/v2\/posts\/1068\/revisions"}],"predecessor-version":[{"id":1253,"href":"https:\/\/hasansaygin.com\/tr\/wp-json\/wp\/v2\/posts\/1068\/revisions\/1253"}],"wp:featuredmedia":[{"embeddable":true,"href":"https:\/\/hasansaygin.com\/tr\/wp-json\/wp\/v2\/media\/1067"}],"wp:attachment":[{"href":"https:\/\/hasansaygin.com\/tr\/wp-json\/wp\/v2\/media?parent=1068"}],"wp:term":[{"taxonomy":"category","embeddable":true,"href":"https:\/\/hasansaygin.com\/tr\/wp-json\/wp\/v2\/categories?post=1068"},{"taxonomy":"post_tag","embeddable":true,"href":"https:\/\/hasansaygin.com\/tr\/wp-json\/wp\/v2\/tags?post=1068"}],"curies":[{"name":"wp","href":"https:\/\/api.w.org\/{rel}","templated":true}]}}