{"id":186,"date":"2005-10-06T00:00:15","date_gmt":"2005-10-06T00:00:15","guid":{"rendered":"https:\/\/hasansaygin.com\/tr\/Hs\/?p=186"},"modified":"2020-11-06T07:46:13","modified_gmt":"2020-11-06T07:46:13","slug":"avrupa-birliginin-enerji-politikalarinda-ticari-sertifika-sistemleri-i-yesil-sertifika-sistemi","status":"publish","type":"post","link":"https:\/\/hasansaygin.com\/tr\/avrupa-birliginin-enerji-politikalarinda-ticari-sertifika-sistemleri-i-yesil-sertifika-sistemi\/","title":{"rendered":"Avrupa Birli\u011fi\u2019nin Enerji Politikalar\u0131nda Ticari Sertifika Sistemleri I Ye\u015fil Sertifika Sistemi"},"content":{"rendered":"<p align= justify><span style=\"font-family: Courier;\"><span style=\"font-size: medium;\"><span style=\"color: #000000;\">Yak\u0131n ge\u00e7mi\u015fte enerji sisteminin s\u00fcrd\u00fcr\u00fclebilirli\u011fi, yaln\u0131zca enerjinin kullan\u0131m oran\u0131na g\u00f6re elde edilebilirli\u011fi esas al\u0131narak tan\u0131mlanmaktayd\u0131. 90\u2019l\u0131 y\u0131llarda ortaya at\u0131lan \u201cs\u00fcrd\u00fcr\u00fclebilir geli\u015fme\u201d kavram\u0131 giderek atan bir \u00f6nem kazanarak, D\u00fcnya g\u00fcndemine oturmu\u015ftur. S\u00fcrd\u00fcr\u00fclebilir geli\u015fmenin sa\u011flanmas\u0131nda, bilimsel ve etik \u00e7er\u00e7eve kapsam\u0131nda,\u00e7evre g\u00fcvenli\u011fi de enerji arz g\u00fcvenli\u011fi kadar \u00f6nemli hale gelmi\u015f ve s\u00fcrd\u00fcr\u00fclebilir enerji sisteminin belirlenmesinde daha \u00f6nce g\u00f6z \u00f6n\u00fcnde bulundurulmayan pek \u00e7ok yeni \u00f6l\u00e7\u00fct devreye girmi\u015ftir. G\u00fcn\u00fcm\u00fczde k\u00fcresel boyutta \u00f6nem ta\u015f\u0131yan \u00e7evre sorunlar\u0131 aras\u0131nda sera gaz\u0131 yay\u0131m\u0131n\u0131n neden oldu\u011fu k\u00fcresel \u0131s\u0131nma ve ona ba\u011fl\u0131 iklim de\u011fi\u015fiklikleri \u00f6ne \u00e7\u0131kmaktad\u0131r. Sera gaz\u0131 yay\u0131n\u0131m\u0131nda enerji sekt\u00f6r\u00fcn\u00fcn pay\u0131 kabaca %50\u2019dir ve bunun da yakla\u015f\u0131k olarak %25\u2019ine elektrik \u00fcretimi neden olmaktad\u0131r. Bu nedenle, k\u00fcresel \u0131s\u0131nma ve ona ba\u011fl\u0131 iklim de\u011fi\u015fiklikleri sorunu giderek enerji politikalar\u0131n\u0131n s\u00fcrd\u00fcr\u00fclebilirli\u011finin sa\u011flanmas\u0131nda kilit noktas\u0131na d\u00f6n\u00fc\u015fm\u00fc\u015ft\u00fcr.<\/span><\/p>\n<p align= justify><span style=\"font-family: Courier;\"><span style=\"font-size: medium;\"><span style=\"color: #000000;\">Sera gaz\u0131 yay\u0131m\u0131n\u0131n azalt\u0131lmas\u0131, Kyoto Protokol\u00fc ile birlikte ba\u015fta Avrupa Birli\u011fi olmak \u00fczere D\u00fcnyan\u0131n enerji ve \u00e7evre politikalar\u0131n\u0131n merkezine oturmu\u015ftur. Kyoto Protokol\u00fcn\u00fcn imzalanmas\u0131n\u0131n ard\u0131ndan, k\u00fcresel iklim de\u011fi\u015fikli\u011fi y\u00f6netiminde iki \u00f6nemli a\u015fama 2005 y\u0131l\u0131nda kaydedilmi\u015ftir. Birincisi, 16 \u015eubat 2005\u2019de sanayile\u015fmi\u015f \u00fclkelerin sera gaz\u0131 yay\u0131m\u0131n\u0131 azaltma hedeflerini yasal olarak ba\u011flay\u0131c\u0131 \u015fekilde ortaya koyan Kyoto Protokol\u00fc y\u00fcr\u00fcrl\u00fc\u011fe girmi\u015ftir. Protokol k\u00fcresel \u0131s\u0131nmaya ba\u011fl\u0131 iklim de\u011fi\u015fiklikleri ile m\u00fccadelede esneklik sa\u011flayan \u00fc\u00e7 temel mekanizmay\u0131 da y\u00fcr\u00fcrl\u00fc\u011fe koymaktad\u0131r. Bunlar, ortak y\u00fcr\u00fctme, temiz geli\u015fme ve sertifika sistemi vas\u0131tas\u0131yla uluslararas\u0131 sera gaz\u0131 yay\u0131m\u0131 (emisyon) ticareti mekanizmalar\u0131d\u0131r. Aral\u0131k 2005 de Kyoto Protokol\u00fcne taraf \u00fclkelerin ilk kez bir araya geldi\u011fi Montr\u00e9al\u2019deki toplant\u0131da bu mekanizmalar\u0131 i\u015flevsel hale getiren kurallar kabul edilmi\u015ftir. Ayn\u0131 y\u0131l ger\u00e7ekle\u015fen ikinci \u00f6nemli geli\u015fme, Ekim 2003\u2019de yasal olarak tan\u0131nan Avrupa Birli\u011fi Yay\u0131m (Emisyon) Ticareti Direktifinin (Avrupa Komisyonunun 2003 Tarih ve 87 Say\u0131l\u0131 Direktifi) 1 Ocak 2005 itibar\u0131yla uygulamaya girmesidir. Bu direktif ile, Avrupa Birli\u011fi sera gaz\u0131 yay\u0131m\u0131 izinlerinin da\u011f\u0131t\u0131m\u0131 ve Avrupa Birli\u011fi i\u00e7i yay\u0131m ticaretine ili\u015fkin d\u00fczenlemeleri i\u00e7eren bir plan sunmaktad\u0131r. Bu plan, \u00f6ncelikle Avrupa Birli\u011finin toplam izin verilen sera gaz\u0131 yay\u0131m\u0131 i\u00e7in bir tavan de\u011ferin belirlenmesinin ard\u0131ndan paylar\u0131na d\u00fc\u015fen .yay\u0131m izinlerinin \u00fcye \u00fclkelere da\u011f\u0131t\u0131lmas\u0131 ilkesine dayanmaktad\u0131r. S\u00f6z konusu direktif enerji-yo\u011fun sanayileri ve g\u00fc\u00e7 santralleri dahil b\u00fcy\u00fck yanma sistemlerini de kapsamaktad\u0131r. Uygulamaya ge\u00e7i\u015f iki a\u015famal\u0131 olarak belirlenmi\u015ftir: Is\u0131nma s\u00fcreci olarak nitelendirilen ilk zorunlu ge\u00e7i\u015f a\u015famas\u0131 2005-2007 d\u00f6nemini, ikinci zorunlu a\u015fama ise 2008-2012 d\u00f6nemini kapsamaktad\u0131r. \u00dclkelerin pay\u0131na d\u00fc\u015fen yay\u0131m izinleri, ulusal h\u00fck\u00fcmetler taraf\u0131ndan y\u00f6nergede belirtilen prosed\u00fcr \u00e7er\u00e7evesinde \u00fclke i\u00e7inde da\u011f\u0131t\u0131lacakt\u0131r. \u0130lk a\u015fama sadece Karbon dioksit yay\u0131m\u0131n\u0131 kapsamakta olup, di\u011fer sera gazlar\u0131na ili\u015fkin s\u0131n\u0131rland\u0131rmalar ikinci a\u015famada devreye sokulacakt\u0131r. Yay\u0131m izin belgeleri a\u011f\u0131rl\u0131kl\u0131 olarak bedelsiz payla\u015ft\u0131r\u0131lacak olmas\u0131na kar\u015f\u0131n, h\u00fck\u00fcmetlere yay\u0131m izinlerinin ilk a\u015famada %5, ikinci a\u015famada %10\u2019luk bir b\u00f6l\u00fcm\u00fcn\u00fc m\u00fczayedede sat\u0131\u015fa \u00e7\u0131karma inisiyatifi sunulmu\u015ftur.<\/span><\/p>\n<p align= justify><span style=\"font-family: Courier;\"><span style=\"font-size: medium;\"><span style=\"color: #000000;\"> Dikkat edilirse, y\u00f6nergede belirtilen ikinci zorunlu d\u00f6nem Kyoto Protokol\u00fc ile verilen taah\u00fcte kar\u015f\u0131l\u0131k gelmektedir. Bilindi\u011fi gibi, Kyoto Protokol\u00fc alt\u0131nda AB, 2008 ve 2012 aras\u0131nda sera gaz\u0131 yay\u0131m\u0131n\u0131 1990\u2019daki yay\u0131m seviyesine oranla %8 nispetinde azaltmay\u0131 kabul etmi\u015ftir. AB\u2019nin s\u00fcrd\u00fcr\u00fclebilir geli\u015fme stratejilerindeki yeni enerji \u00f6nceliklerini Gothenburg Avrupa Konseyinde (Haziran 2001) belirlemi\u015ftir. D\u00fc\u015f\u00fck karbonlu se\u00e7enekler aras\u0131nda yenilenebilir enerji ile enerji tasarrufunun ve verimlili\u011finin sa\u011flanmas\u0131, sera gaz\u0131 yay\u0131m\u0131n\u0131n azalt\u0131lmas\u0131na y\u00f6nelik enerji stratejilerinin \u00f6ncelikli unsurlar\u0131 olarak kabul edilmi\u015ftir.<\/span><\/p>\n<p align= justify><span style=\"font-family: Courier;\"><span style=\"font-size: medium;\"><span style=\"color: #000000;\">Yukar\u0131da rakamlar\u0131yla ifade edildi\u011fi gibi, elektrik \u00fcretiminin sera gaz\u0131 yay\u0131m\u0131nda \u00f6nemli pay\u0131 bulunmaktad\u0131r. AB, benimsedi\u011fi \u00f6nceliklere ili\u015fkin politikalar\u0131 ba\u011flam\u0131nda yenilenebilir enerji kaynaklar\u0131ndan elde edilen elektri\u011fin (ye\u015fil elektri\u011fin) toplam elektrik t\u00fcketimindeki pay\u0131n\u0131n %14\u2019den 2010 y\u0131l\u0131na kadar %22\u2019ye \u00e7\u0131kar\u0131lmas\u0131n\u0131 \u00f6ng\u00f6ren bir y\u00f6nergeyi (tarih: 27 Eyl\u00fcl 2001, say\u0131:-2001\/77\/EC) de kabul etmi\u015ftir. Bu y\u00f6nergenin, yenilenebilir enerjinin Avrupa\u2019n\u0131n toplam enerji t\u00fcketimindeki pay\u0131n\u0131n ayn\u0131 d\u00f6nemde %6\u2019dan %12\u2019ye \u00e7\u0131kar\u0131lmas\u0131na ili\u015fkin \u201cAB Yenilenebilir Enerji Teknolojileri Geli\u015ftirme Stratejileri \u00fczerine yay\u0131mlad\u0131\u011f\u0131 Beyaz Bildiri\u201dde ortaya konulan hedefi de destekleyece\u011fi d\u00fc\u015f\u00fcn\u00fclmektedir. S\u00f6z konusu y\u00f6nerge ile, elektrik t\u00fcketiminin bir b\u00f6l\u00fcm\u00fcn\u00fcn yenilenebilir enerji kaynaklar\u0131ndan sa\u011flanmas\u0131 i\u00e7in \u00fcye \u00fclkelere ba\u015flang\u0131\u00e7ta zorunlu olmayan ulusal hedefler getirilmektedir. Bu hedefler, AB\u2019ye \u00fcye \u00fclkeler, Avrupa Komisyonu ve Avrupa Parlamentosu aras\u0131nda yap\u0131lan m\u00fczakerelerle belirlenmi\u015ftir. S\u00f6z konusu y\u00f6nerge ile, bu hedeflere ula\u015fmak i\u00e7in \u00fcye \u00fclkelerde ulusal destek programlar\u0131n\u0131n y\u00fcr\u00fct\u00fclmesinin yan\u0131 s\u0131ra, gerekti\u011finde Avrupa Birli\u011fi elektrik piyasas\u0131 ile uyumlu piyasa tabanl\u0131 bir destek sisteminin olu\u015fturulmas\u0131 da \u00f6ng\u00f6r\u00fclm\u00fc\u015ft\u00fcr. \u00dcye \u00fclkelerin ulusal hedeflerine ba\u011fl\u0131 olarak g\u00f6sterdikleri bireysel geli\u015fme Avrupa Komisyonu taraf\u0131ndan izlenecek ve gerekti\u011finde hedefine ula\u015fma yolunda yetersiz geli\u015fme g\u00f6steren \u00fclkelere bu defa zorunlu hedefler g\u00f6sterilecektir. Yine ayn\u0131 y\u00f6nerge ile ye\u015fil elektri\u011fin garanti alt\u0131na al\u0131nmas\u0131n\u0131 sa\u011flayacak ye\u015fil sertifika olarak adland\u0131r\u0131lan teminat sertifikalar\u0131n\u0131n t\u00fcm \u00fcye \u00fclkeler taraf\u0131ndan tan\u0131nmas\u0131 zorunlu k\u0131l\u0131nm\u0131\u015ft\u0131r.<br \/>\nAl\u0131n\u0131p sat\u0131labilen, bir ba\u015fka deyi\u015fle ticareti yap\u0131labilen ye\u015fil sertifika sistemi, AB\u2019nin yenilenebilir enerji ile ilgili hedeflerine ula\u015fmas\u0131na yard\u0131mc\u0131 olmak i\u00e7in geli\u015ftirilen ara\u00e7lardan birisidir. Ticari ye\u015fil sertifikalar, ticari yenilenebilir kotalar\u0131 ya da yenilenebilir portfolya standartlar\u0131 olarak da an\u0131lmaktad\u0131r. Prensipte Ye\u015fil Sertifika sistemi \u015fu \u015fekilde i\u015flemektedir: Yenilenebilir enerji kaynaklar\u0131ndan elde edilen elektri\u011fe talebi art\u0131rmak \u00fczere, \u00fcretim, iletim, da\u011f\u0131t\u0131m, sat\u0131\u015f ve t\u00fcketimden olu\u015fan elektrik arz zincirinin herhangi bir noktas\u0131na belirli bir yenilenebilir elektrik kotas\u0131 konmaktad\u0131r. Yenilenebilir enerji kaynaklar\u0131ndan elde edilen elektri\u011fi di\u011fer kaynaklardan elde edilen elektrikten ay\u0131rt etmek i\u00e7in, enerji \u00fcreticileri \u015febekeye ba\u011fl\u0131 yenilenebilir enerji tesislerinden \u00fcrettikleri her birim elektrik i\u00e7in bir sertifika al\u0131rlar. Ye\u015fil sertifika, elektri\u011fin yenilenebilir enerji kaynaklar\u0131ndan elde edildi\u011fini kan\u0131tlayan bir belgedir. Her ye\u015fil sertifika nerede, hangi tarihte, ne kadar s\u00fcrede hangi miktarda \u00fcretildi\u011fi tan\u0131mlanan miktara kar\u015f\u0131l\u0131k gelen elektrik i\u00e7in (X santralinde Y tarihinde Z s\u00fcresince \u00fcretilen 1 MWh r\u00fczgar enerjisi gibi), \u00f6nceden belirlenen bir miktar baz al\u0131narak (\u00f6rnek olarak her 100 kWh i\u00e7in bir belge) d\u00fczenlenmektedir. Bu nedenle her ye\u015fil sertifika \u00fcretilen yenilenebilir elektri\u011fin kimlik belgesi gibidir ve tektir. Belirlenen tarihlerde yukar\u0131da betimlenen elektrik arz zincirinin bir kategorisinde yer alan y\u00fck\u00fcml\u00fc i\u015fletmeler, y\u00fck\u00fcml\u00fcl\u00fcklerini yerine getirdiklerini kan\u0131tlamak \u00fczere gereken say\u0131da ye\u015fil sertifika sunmak zorundad\u0131rlar.<\/span><\/p>\n<p align= justify><span style=\"font-family: Courier;\"><span style=\"font-size: medium;\"><span style=\"color: #000000;\">Ye\u015fil sertifika birka\u00e7 farkl\u0131 \u015fekilde elde edilebilir: i) \u0130\u015fletmeler kendi yenilenebilir elektrik \u00fcretimini ger\u00e7ekle\u015ftirerek \u00fcrettikleri her baz al\u0131nan miktara kar\u015f\u0131l\u0131k gelen bir birim enerji i\u00e7in bir ye\u015fil sertifika alabilirler, ii) Bir ba\u015fka \u00fcreticiden yenilenebilir elektri\u011fi buna kar\u015f\u0131l\u0131k gelen ye\u015fil sertifikalarla birlikte sat\u0131n alabilirler, iii) \u00dcretilen elektri\u011fi sat\u0131n almaks\u0131z\u0131n elektri\u011fin sadece yenilenebilirli\u011finin ya da ye\u015fil niteli\u011finin \u00fcreticiden do\u011frudan ya da t\u00fcccar veya broker vas\u0131tas\u0131yla sat\u0131n alabilirler.<br \/>\nKuramsal olarak, ye\u015fil sertifika piyasas\u0131 arz-talep ili\u015fkisi ile belirlenecektir. En basit \u015fekliyle, ye\u015fil sertifikan\u0131n fiyat\u0131, elektri\u011fin piyasa fiyat\u0131 ile yenilenebilir elektri\u011fin fiyat\u0131 aras\u0131ndaki farkla orant\u0131l\u0131 d\u00fc\u015f\u00fcn\u00fclebilir. Bu durum, en d\u00fc\u015f\u00fck maliyetle yenilenebilir elektrik \u00fcretenlerin ye\u015fil sertifikalar\u0131 en d\u00fc\u015f\u00fck fiyata, dolay\u0131s\u0131 ile \u00e7ok daha kolay satabilece\u011fi anlam\u0131na gelmektedir. Bununla birlikte sertifikalar\u0131n fiyat\u0131, piyasan\u0131n ko\u015fullar\u0131na g\u00f6re de\u011fi\u015febilir. Yeterince ye\u015fil sertifika arz\u0131 olmad\u0131\u011f\u0131nda, bu durum sertifika fiyatlar\u0131n\u0131n y\u00fckselmesine neden olarak yeni \u00fcreticilerin piyasaya girmesine ve yenilenebilir elektrik \u00fcretiminin artmas\u0131na neden olacakt\u0131r. Bu sertifika sisteminin, \u00fcreticiler aras\u0131ndaki rekabeti artt\u0131rarak maliyetin azalt\u0131lmas\u0131na neden olaca\u011f\u0131 d\u00fc\u015f\u00fcn\u00fclmektedir. Belirlenen kotalar\u0131n d\u00f6nemsel olarak art\u0131r\u0131lmas\u0131 yeni m\u00fcteahhitleri piyasaya \u00e7ekecektir. Bu ba\u011flamda, ticari ye\u015fil sertifikalar\u0131n yenilenebilir enerji ile ilgi zorlu hedeflere ula\u015fman\u0131n maliyet etkin bir y\u00f6ntemi olaca\u011f\u0131 \u00f6ng\u00f6r\u00fclmektedir.<\/span><\/p>\n<p align= justify><span style=\"font-family: Courier;\"><span style=\"font-size: medium;\"><span style=\"color: #000000;\">Ticari ye\u015fil sertifika kavram\u0131 yenilenebilir enerjinin serbestle\u015fen elektrik piyasas\u0131na n\u00fcfuziyetini sa\u011flayarak, belirlenen hedeflere eri\u015filmesini sa\u011flayacak destek mekanizmalar\u0131na duyulan gereksinim nedeniyle geli\u015ftirilmi\u015ftir. Bu sistem, baz al\u0131nan miktara kar\u015f\u0131l\u0131k gelen bir birim yenilenebilir elektrik \u00fcretiminin iki ba\u011f\u0131ms\u0131z par\u00e7aya ayr\u0131larak i\u015flem g\u00f6rmesine de olanak sa\u011flamaktad\u0131r. \u00dcretilen elektrik g\u00fcc\u00fc ile yenilenebilir enerji kaynaklar\u0131ndan elde edilmi\u015f olma \u00f6zelli\u011fi birbirinden ba\u011f\u0131ms\u0131z kabul edilirse, \u201cfiziksel\u201d elektrik piyasas\u0131 ve \u201cyenilenebilirlik\u201d piyasas\u0131 olmak \u00fczere iki farkl\u0131 pazarda i\u015flem g\u00f6rebilir. Yenilenebilir enerji i\u00e7in empoze edilen talebin (yani y\u00fck\u00fcml\u00fcl\u00fc\u011f\u00fcn) oldu\u011fu durumda, ye\u015fil sertifika sistemi iki amaca hizmet eder: i) Y\u00fck\u00fcml\u00fcl\u00fcklerin ne derece yerine getirildi\u011fini \u00f6l\u00e7meye yarayan bir denetim sistemi te\u015fkil eder, ii) Y\u00fck\u00fcml\u00fcl\u00fcklerin, fiziksel elektri\u011fin ya da yaln\u0131zca yenilenebilirli\u011finin sat\u0131n al\u0131narak yerine getirilebilmesi i\u00e7in ayr\u0131 bir piyasa olu\u015fturulmas\u0131 yoluyla ye\u015fil elektrik ticaretinin kolayla\u015ft\u0131r\u0131lmas\u0131n\u0131 sa\u011flar. Ye\u015fil sertifika sistemi baz\u0131 Avrupa \u00fclkelerinde denenmi\u015ftir. Son birka\u00e7 y\u0131ld\u0131r \u0130ngiltere, Hollanda, \u0130talya, Bel\u00e7ika ve Avusturya dahil olmak \u00fczere pek \u00e7ok AB \u00fclkesinde ve di\u011fer \u00fclkelerde (Avustralya ve baz\u0131 ABD eyaletleri gibi) ye\u015fil sertifika piyasas\u0131 olu\u015fturulmu\u015f bulunmaktad\u0131r. Ye\u015fil sertifika sistemi OECD \u00dclkelerinde giderek artan \u00f6l\u00e7\u00fcde yayg\u0131nla\u015farak \u00f6nem kazanmaktad\u0131r.<\/span><\/p>\n<p align= justify><span style=\"font-family: Courier;\"><span style=\"font-size: medium;\"><span style=\"color: #000000;\">Kyoto protokol\u00fc ve Emisyon Ticareti Direktifinin y\u00fcr\u00fcrl\u00fc\u011fe girmesinin Avrupal\u0131 \u00fcreticiler ile Kyoto Protokol\u00fc\u2019ne dahil olmayan ya da daha az k\u0131s\u0131tlamalarla tabi olan \u00fclkelerdeki rakipleri ile olan ticaret ili\u015fkileri \u00fczerinde ger\u00e7ek ve potansiyel etkilere neden olaca\u011f\u0131 a\u00e7\u0131k\u00e7a ortadad\u0131r. \u00dclkemizde kendi aram\u0131zda s\u00fcrd\u00fcrd\u00fc\u011f\u00fcm\u00fcz b\u00fct\u00fcn ideolojik tart\u0131\u015fmalardan (serbest piyasac\u0131l\u0131k, kamuculuk vb.) ba\u011f\u0131ms\u0131z olarak, AB\u2019nin enerji stratejileri do\u011frultusunda ger\u00e7ekle\u015ftirmeyi hedefledi\u011fi a\u015famalara ula\u015fmak i\u00e7in geli\u015ftirdi\u011fi bu ara\u00e7lar\u0131n ekonomi politi\u011fi, T\u00fcrk sanayicisini en iyimser yakla\u015f\u0131mla orta vadede ciddi bir \u015fekilde etkileyecektir. Dolay\u0131s\u0131yla T\u00fcrk sanayicisinin bu ara\u00e7lar\u0131n fark\u0131nda olmas\u0131 ve bunlar kar\u015f\u0131s\u0131nda kendi pozisyonunu ayarlamas\u0131 rekabet g\u00fcc\u00fcn\u00fc s\u00fcrd\u00fcrebilmesi ya da artt\u0131rabilmesi i\u00e7in elzemdir. Bu konuda ba\u015fta mesleki dayan\u0131\u015fma \u00f6rg\u00fctleri olmak \u00fczere \u00fcniversiteler ve ilgili di\u011fer sivil toplum kurulu\u015flar\u0131na gerekli bilginin \u00fcretilmesi ve katma de\u011fer ta\u015f\u0131yan bir payla\u015f\u0131ma d\u00f6n\u00fc\u015ft\u00fcr\u00fclmesinde g\u00f6revler d\u00fc\u015ft\u00fc\u011f\u00fc a\u00e7\u0131kt\u0131r.<\/span><\/p>\n<p><strong><span style=\"font-family: Courier;\"><span style=\"font-size: medium;\"><span style=\"color: #000000;\">H. SAYGIN<\/span><\/strong>, \u201c<strong><span style=\"font-family: Courier;\"><span style=\"font-size: medium;\"><span style=\"color: #000000;\">ENERJ\u0130POL\u0130T\u0130K<\/span><\/strong>: AB\u2019nin Enerji Stratejileri Do\u011frultusunda Belirlenen Hedeflere Ula\u015fmak \u0130\u00e7in Geli\u015ftirilen Ara\u00e7lar\u0131 I: Ye\u015fil Elektri\u011fe Do\u011fru, Ye\u015fil Setifika Sistemi\u201d, <strong><span style=\"font-family: Courier;\"><span style=\"font-size: medium;\"><span style=\"color: #000000;\">Enerji<\/span><\/strong>, <span style=\"font-family: Courier;\"><span style=\"font-size: medium;\"><span style=\"color: #000000;\">Y\u0131l: 10, Say\u0131: 10, Sayfa: 23 (Ekim <strong><span style=\"font-family: Courier;\"><span style=\"font-size: medium;\"><span style=\"color: #000000;\">2005<\/span><\/strong>).<\/p>\n","protected":false},"excerpt":{"rendered":"<p>Yak\u0131n ge\u00e7mi\u015fte enerji sisteminin s\u00fcrd\u00fcr\u00fclebilirli\u011fi, yaln\u0131zca enerjinin kullan\u0131m oran\u0131na g\u00f6re elde edilebilirli\u011fi esas al\u0131narak tan\u0131mlanmaktayd\u0131. 90\u2019l\u0131 y\u0131llarda ortaya at\u0131lan \u201cs\u00fcrd\u00fcr\u00fclebilir geli\u015fme\u201d kavram\u0131 giderek atan bir \u00f6nem kazanarak, D\u00fcnya g\u00fcndemine oturmu\u015ftur. S\u00fcrd\u00fcr\u00fclebilir geli\u015fmenin sa\u011flanmas\u0131nda, bilimsel ve etik \u00e7er\u00e7eve kapsam\u0131nda,\u00e7evre g\u00fcvenli\u011fi de enerji arz g\u00fcvenli\u011fi kadar \u00f6nemli hale gelmi\u015f ve s\u00fcrd\u00fcr\u00fclebilir enerji sisteminin belirlenmesinde daha \u00f6nce g\u00f6z &hellip; <\/p>\n<p class=\"link-more\"><a href=\"https:\/\/hasansaygin.com\/tr\/avrupa-birliginin-enerji-politikalarinda-ticari-sertifika-sistemleri-i-yesil-sertifika-sistemi\/\" class=\"more-link\">Continue reading<span class=\"screen-reader-text\"> &#8220;Avrupa Birli\u011fi\u2019nin Enerji Politikalar\u0131nda Ticari Sertifika Sistemleri I Ye\u015fil Sertifika Sistemi&#8221;<\/span><\/a><\/p>\n","protected":false},"author":1,"featured_media":303,"comment_status":"closed","ping_status":"closed","sticky":false,"template":"","format":"standard","meta":{"footnotes":""},"categories":[6],"tags":[],"class_list":["post-186","post","type-post","status-publish","format-standard","has-post-thumbnail","hentry","category-kose-yazilari","entry"],"_links":{"self":[{"href":"https:\/\/hasansaygin.com\/tr\/wp-json\/wp\/v2\/posts\/186","targetHints":{"allow":["GET"]}}],"collection":[{"href":"https:\/\/hasansaygin.com\/tr\/wp-json\/wp\/v2\/posts"}],"about":[{"href":"https:\/\/hasansaygin.com\/tr\/wp-json\/wp\/v2\/types\/post"}],"author":[{"embeddable":true,"href":"https:\/\/hasansaygin.com\/tr\/wp-json\/wp\/v2\/users\/1"}],"replies":[{"embeddable":true,"href":"https:\/\/hasansaygin.com\/tr\/wp-json\/wp\/v2\/comments?post=186"}],"version-history":[{"count":6,"href":"https:\/\/hasansaygin.com\/tr\/wp-json\/wp\/v2\/posts\/186\/revisions"}],"predecessor-version":[{"id":533,"href":"https:\/\/hasansaygin.com\/tr\/wp-json\/wp\/v2\/posts\/186\/revisions\/533"}],"wp:featuredmedia":[{"embeddable":true,"href":"https:\/\/hasansaygin.com\/tr\/wp-json\/wp\/v2\/media\/303"}],"wp:attachment":[{"href":"https:\/\/hasansaygin.com\/tr\/wp-json\/wp\/v2\/media?parent=186"}],"wp:term":[{"taxonomy":"category","embeddable":true,"href":"https:\/\/hasansaygin.com\/tr\/wp-json\/wp\/v2\/categories?post=186"},{"taxonomy":"post_tag","embeddable":true,"href":"https:\/\/hasansaygin.com\/tr\/wp-json\/wp\/v2\/tags?post=186"}],"curies":[{"name":"wp","href":"https:\/\/api.w.org\/{rel}","templated":true}]}}