{"id":193,"date":"2005-12-06T00:00:33","date_gmt":"2005-12-06T00:00:33","guid":{"rendered":"https:\/\/hasansaygin.com\/tr\/Hs\/?p=193"},"modified":"2020-11-06T07:43:39","modified_gmt":"2020-11-06T07:43:39","slug":"enerji-verimliliginin-saglanmasinda-beyaz-sertifika-sistemi","status":"publish","type":"post","link":"https:\/\/hasansaygin.com\/tr\/enerji-verimliliginin-saglanmasinda-beyaz-sertifika-sistemi\/","title":{"rendered":"Enerji Verimlili\u011finin Sa\u011flanmas\u0131nda Beyaz Sertifika Sistemi"},"content":{"rendered":"<p align= justify><span style=\"font-family: Courier;\"><span style=\"font-size: medium;\"><span style=\"color: #000000;\">Konvansiyonel enerji kaynaklar\u0131n\u0131n geli\u015fmi\u015f ve yenilik\u00e7i y\u00f6ntemlerle kullan\u0131lmas\u0131yla birlikte, yenilenebilir enerji t\u00fcketiminin artt\u0131r\u0131lmas\u0131 ve enerji verimlili\u011finin iyile\u015ftirilmesi, gerek s\u00fcrd\u00fcr\u00fclebilir enerji stratejilerinin gerekse iklim de\u011fi\u015fikli\u011fine kar\u015f\u0131 stratejilerin ana \u00e7er\u00e7evesini te\u015fkil etmektedir. Avrupa Birli\u011fi\u2019nin enerji stratejilerinde, yenilenebilir enerji kullan\u0131m\u0131n\u0131n artt\u0131r\u0131lmas\u0131na ek olarak enerji verimlili\u011finin sa\u011flanmas\u0131na y\u00f6nelik tamamlay\u0131c\u0131 politikalara b\u00fcy\u00fck \u00f6nem verilmektedir. Enerji verimlili\u011finin iyile\u015ftirilmesi, AB\u2019nin ve t\u00fcm \u00fcye \u00fclkelerin arz g\u00fcvenli\u011fi, ekonomi, \u00e7evre ve halk sa\u011fl\u0131\u011f\u0131na ili\u015fkin etkenlerin motive etti\u011fi enerji politikalar\u0131n\u0131n temel bile\u015fenleri aras\u0131nda yer almaktad\u0131r. Enerji verimlili\u011fi, uzun d\u00f6nemde d\u0131\u015fa ba\u011f\u0131ml\u0131l\u0131\u011f\u0131 azaltarak ve arz g\u00fcvenli\u011fini artt\u0131rarak enerji sisteminin s\u00fcrd\u00fcr\u00fclebilirli\u011fine ciddi katk\u0131da bulunmas\u0131n\u0131n yan\u0131s\u0131ra, ayn\u0131 zamanda arz ile talep aras\u0131ndaki dengesizli\u011fe en h\u0131zl\u0131 ve etkin cevap veren se\u00e7enektir.<\/p>\n<p align= justify><span style=\"font-family: Courier;\"><span style=\"font-size: medium;\"><span style=\"color: #000000;\">Enerjide verimlili\u011fin sa\u011flanmas\u0131, sera gaz\u0131 yay\u0131m\u0131n\u0131n azalt\u0131lmas\u0131nda da maliyeti en d\u00fc\u015f\u00fck se\u00e7enek olarak kabul g\u00f6rmektedir. Bu ba\u011flamda, 2001 Avrupa Konseyi\u2019nde AB\u2019nin s\u00fcrd\u00fcr\u00fclebilir geli\u015fme stratejilerine ili\u015fkin yeni hedefler belirlenmi\u015ftir. Enerji verimlili\u011finin iyile\u015ftirilmesine y\u00f6nelik potansiyelin olabildi\u011fince ekonomik yoldan ger\u00e7ekle\u015ftirilmesi ve enerji t\u00fcketiminin y\u0131lda %1 oran\u0131nda azalt\u0131larak potansiyel tasarrufun \u00fc\u00e7te ikisine (2010 y\u0131l\u0131nda %18) eri\u015filmesi hedeflenmi\u015ftir. B\u00f6ylece, AB\u2019nin CO2 yay\u0131m\u0131nda Kyoto Protokol\u00fc ile taah\u00fct etti\u011fi azalman\u0131n %40\u2019\u0131 bu yolla kar\u015f\u0131lanabilecektir.<\/span><\/p>\n<p align= justify><span style=\"font-family: Courier;\"><span style=\"font-size: medium;\"><span style=\"color: #000000;\">Enerji verimlili\u011fini te\u015fvik etmek i\u00e7in, son olarak piyasa bazl\u0131 ara\u00e7lardan biri olarak enerji verimlili\u011fi ticareti ya da beyaz sertifikalar\u0131n devreye sokulmas\u0131 g\u00fcndemdedir. Bilindi\u011fi gibi, enerji politikalar\u0131 daha \u00f6nce devlet tekelleri, k\u0131s\u0131tlay\u0131c\u0131 yasal mevzuat ve te\u015fvikler yoluyla h\u00fck\u00fcmetlerin do\u011frudan m\u00fcdahalesi ile y\u00fcr\u00fct\u00fclmekte iken, D\u00fcnyada enerji piyasas\u0131n\u0131n serbestle\u015ftirilmesine y\u00f6nelik hareket, enerjinin nihai kullan\u0131m\u0131nda verimlili\u011fin artt\u0131r\u0131lmas\u0131 do\u011frultusundaki giri\u015fimlerin te\u015fviki i\u00e7in yeni y\u00f6ntemleri de beraberinde getirmi\u015ftir. Enerji piyasas\u0131n\u0131n serbestle\u015ftirilmesi ve kamu kurulu\u015flar\u0131n\u0131n \u00f6zelle\u015ftirilmesi do\u011frultusundaki geli\u015fmeler nedeniyle a\u011f\u0131rl\u0131k, ortak \u00e7\u0131karlar\u0131n, d\u0131\u015f maliyetlerin ve ve piyasa kurallar\u0131 taraf\u0131ndan kendili\u011finden dikkate al\u0131nmayan uzun d\u00f6nemdeki hedeflerin hesaba kat\u0131lmas\u0131n\u0131 sa\u011flayan ekonomik d\u00fczeltmelere do\u011fru kaym\u0131\u015ft\u0131r.<\/span><\/p>\n<p align= justify><span style=\"font-family: Courier;\"><span style=\"font-size: medium;\"><span style=\"color: #000000;\">Enerji verimli\u011finin artt\u0131r\u0131lmas\u0131 i\u00e7in \u00e7e\u015fitli politika ara\u00e7lar\u0131 kullan\u0131lmaktad\u0131r. Bunlar, te\u015fvikler, imtiyazlar, d\u00fc\u015f\u00fck faiz uygulamalar\u0131 ve vergi muafiyeti gibi \u201cpozitif\u201d finansal tedbirleri; vergilendirme (enerji veya emisyon vergileri, verimi d\u00fc\u015f\u00fck cihazlar\u0131n vergilendirilmesi, \u00fcretim vergileri vb. ) gibi \u201cnegatif\u201d tedbirleri; enerji t\u00fcketimi ve emisyon standartlar\u0131 gibi yasal d\u00fczenlemeleri; devir ya da g\u00f6n\u00fcll\u00fcl\u00fck anla\u015fmalar\u0131 gibi organizasyonla ilgili tedbirleri ve son olarak da piyasa bazl\u0131 \u00f6nlemleri i\u00e7ermektedir. Piyasa bazl\u0131 tedbirler aras\u0131nda, ye\u015fil ve beyaz sertifikalar ve emisyon ticareti gibi uygulamalar yer almaktad\u0131r.<\/span><\/p>\n<p align= justify><span style=\"font-family: Courier;\"><span style=\"font-size: medium;\"><span style=\"color: #000000;\">Avrupa Birli\u011finde enerji verimlili\u011finin sa\u011flanmas\u0131 i\u00e7in tasarlanan ba\u015fl\u0131ca politika ara\u00e7lar\u0131 aras\u0131nda, Beyaz Sertifikalar \u00f6zellikle dikkati \u00e7ekmektedir. Beyaz sertifika piyasas\u0131, daha \u00f6nceki yaz\u0131da ele al\u0131nan yenilenebilir enerji kullan\u0131m\u0131na ili\u015fkin ye\u015fil sertifika sistemine benzer \u015fekilde i\u015flemektedir: Elektrik, gaz veya petrol \u00fcretici veya da\u011f\u0131t\u0131c\u0131lar\u0131, nihai kullan\u0131c\u0131lara enerji verimlili\u011fi tedbirlerinin uygulanmas\u0131 i\u00e7in te\u015fvik sunmakla y\u00fck\u00fcml\u00fc k\u0131l\u0131nm\u0131\u015ft\u0131r. Y\u00fck\u00fcml\u00fc kurulu\u015flar, her y\u0131l i\u00e7in \u00f6nceden tan\u0131mlanan ve sat\u0131lan ya da da\u011f\u0131t\u0131lan toplam enerjinin belirli bir kesrine kar\u015f\u0131l\u0131k gelen miktarda enerji tasarrufu sa\u011flayacak enerji verimlili\u011fi tedbirlerinin girdilenmesine y\u00f6nelik m\u00fcdahaleleri ger\u00e7ekle\u015ftirdiklerini kan\u0131tlamak zorundad\u0131r. Bu miktar beyaz sertifikalarla belgelendirilmektedir. Aksi takdirde, di\u011fer akt\u00f6rlerden y\u00fck\u00fcml\u00fc olduklar\u0131 miktara kar\u015f\u0131l\u0131k beyaz sertifika sat\u0131n almak zorundad\u0131rlar. Beyaz sertifikalar nihai kullan\u0131mdaki enerji gereksiniminin azalt\u0131lmas\u0131n\u0131 sa\u011flayacak y\u00f6ntemlere veya yenilik\u00e7i teknolojilere yat\u0131r\u0131m yap\u0131larak da elde edilebilmektedir. Ye\u015fil ve beyaz sertifikalar aras\u0131ndaki en \u00f6nemli ortak karakteristik, elektri\u011fin fiziksel ak\u0131\u015f\u0131n\u0131n ye\u015fil sertifikalarla \u201cye\u015filli\u011fi\u201dnden ve beyaz sertifikalarla enerji tasarrufundan ayr\u0131labilmesidir. Ancak ye\u015fil ve beyaz sertifikalar aras\u0131nda simetrik olmayan bir durum s\u00f6z konusudur. Birincisi yaln\u0131zca yenilenebilir elektri\u011fe uygulan\u0131rken, ikincisi \u2013 \u0130talya\u2019da oldu\u011fu gibi beyaz sertifika program\u0131n\u0131n \u015fimdilik yaln\u0131zca elektrik ve gaz ile s\u0131n\u0131rlama gibi e\u011filimler mevcut ise de- en az\u0131ndan ilkesel d\u00fczlemde t\u00fcm yak\u0131tlara, enerji ta\u015f\u0131y\u0131c\u0131lar\u0131na ve t\u00fcm sekt\u00f6rlere uygulanabilmektedir.<\/span><\/p>\n<p align= justify><span style=\"font-family: Courier;\"><span style=\"font-size: medium;\"><span style=\"color: #000000;\">Beyaz sertifika sistemi, \u0130talya ve \u0130ngiltere\u2019de k\u0131smen y\u00fcr\u00fcrl\u00fc\u011fe konulmu\u015ftur. \u0130talya\u2019da elektrik ve gaz \u00fcretici ve da\u011f\u0131t\u0131c\u0131lar\u0131na belirli miktarda sertifika sat\u0131n al\u0131nma zorunlulu\u011funun getirilmesine ili\u015fkin uygulama 2005 Mart ay\u0131ndan itibaren ba\u015flat\u0131lm\u0131\u015ft\u0131r. \u0130ngiltere de ise enerji satan kurulu\u015flara enerji kullan\u0131m\u0131n\u0131 azaltacak yat\u0131r\u0131mlara destek olma zorunlulu\u011fu getiren program 2002 Nisan ay\u0131nda y\u00fcr\u00fcrl\u00fc\u011fe konulmu\u015f ve ikinci y\u0131l\u0131n sonunda enerji verimlili\u011fi ile toplam 62 TWs\u2019lik tasarruf hedefinin d\u00f6rtte \u00fc\u00e7\u00fcne ula\u015f\u0131labilmi\u015ftir. Son olarak, aralar\u0131nda Fransa ve \u0130sve\u00e7\u2019in de bulundu\u011fu AB \u00fcyesi di\u011fer \u00fclkelerden baz\u0131lar\u0131 da Beyaz Sertifika uygulamas\u0131na ge\u00e7me konusundaki niyetlerini a\u00e7\u0131klam\u0131\u015flard\u0131r. Ticareti yap\u0131labilen Beyaz Sertifikalar Avrupa Komisyonu taraf\u0131ndan kabul edilen \u201cEnerji Nihai Kullan\u0131m Verimlili\u011fi ve Enerji Hizmetleri\u201dne ili\u015fkin talimat\u0131ndaki (Directive on Enerji End-Use and Energy Services-(COM\/2003\/0739 2003\/0300)) enerji verimlili\u011finin iyile\u015ftirilmesi i\u00e7in beyaz sertifika piyasas\u0131n\u0131n olu\u015fturulmas\u0131na ili\u015fkin tavsiyesi nedeniyle, ulusal politika yap\u0131c\u0131lar\u0131n giderek daha \u00e7ok ilgisini \u00e7ekmektedir.<\/span><\/p>\n<p><strong><\/p>\n<p align= justify><span style=\"font-family: Courier;\"><span style=\"font-size: medium;\"><span style=\"color: #000000;\">H. SAYGIN<\/strong><\/span>, \u201c<strong><\/p>\n<p align= justify><span style=\"font-family: Courier;\"><span style=\"font-size: medium;\"><span style=\"color: #000000;\">ENERJ\u0130POL\u0130T\u0130K<\/span><\/strong><br \/>\n<em><\/p>\n<p align= justify><span style=\"font-family: Courier;\"><span style=\"font-size: medium;\"><span style=\"color: #000000;\">: AB\u2019nin Enerji Stratejileri Do\u011frultusunda Belirlenen Hedeflere Ula\u015fmak \u0130\u00e7in Geli\u015ftirilen Ara\u00e7lar\u0131 II: Enerji verimlili\u011finin sa\u011flanmas\u0131nda Beyaz Setifika Sistemi\u201d, <strong><span style=\"font-family: Courier;\"><span style=\"font-size: medium;\"><span style=\"color: #000000;\">Enerji<\/span><\/strong>, Y\u0131l: 10, Say\u0131: 12, Sayfa: 23 (Aral\u0131k <strong><span style=\"font-family: Courier;\"><span style=\"font-size: medium;\"><span style=\"color: #000000;\">2005<\/span><\/strong>).<\/span><\/em><\/p>\n","protected":false},"excerpt":{"rendered":"<p>Konvansiyonel enerji kaynaklar\u0131n\u0131n geli\u015fmi\u015f ve yenilik\u00e7i y\u00f6ntemlerle kullan\u0131lmas\u0131yla birlikte, yenilenebilir enerji t\u00fcketiminin artt\u0131r\u0131lmas\u0131 ve enerji verimlili\u011finin iyile\u015ftirilmesi, gerek s\u00fcrd\u00fcr\u00fclebilir enerji stratejilerinin gerekse iklim de\u011fi\u015fikli\u011fine kar\u015f\u0131 stratejilerin ana \u00e7er\u00e7evesini te\u015fkil etmektedir. Avrupa Birli\u011fi\u2019nin enerji stratejilerinde, yenilenebilir enerji kullan\u0131m\u0131n\u0131n artt\u0131r\u0131lmas\u0131na ek olarak enerji verimlili\u011finin sa\u011flanmas\u0131na y\u00f6nelik tamamlay\u0131c\u0131 politikalara b\u00fcy\u00fck \u00f6nem verilmektedir. Enerji verimlili\u011finin iyile\u015ftirilmesi, AB\u2019nin ve t\u00fcm &hellip; <\/p>\n<p class=\"link-more\"><a href=\"https:\/\/hasansaygin.com\/tr\/enerji-verimliliginin-saglanmasinda-beyaz-sertifika-sistemi\/\" class=\"more-link\">Continue reading<span class=\"screen-reader-text\"> &#8220;Enerji Verimlili\u011finin Sa\u011flanmas\u0131nda Beyaz Sertifika Sistemi&#8221;<\/span><\/a><\/p>\n","protected":false},"author":1,"featured_media":298,"comment_status":"closed","ping_status":"closed","sticky":false,"template":"","format":"standard","meta":{"footnotes":""},"categories":[6],"tags":[],"class_list":["post-193","post","type-post","status-publish","format-standard","has-post-thumbnail","hentry","category-kose-yazilari","entry"],"_links":{"self":[{"href":"https:\/\/hasansaygin.com\/tr\/wp-json\/wp\/v2\/posts\/193","targetHints":{"allow":["GET"]}}],"collection":[{"href":"https:\/\/hasansaygin.com\/tr\/wp-json\/wp\/v2\/posts"}],"about":[{"href":"https:\/\/hasansaygin.com\/tr\/wp-json\/wp\/v2\/types\/post"}],"author":[{"embeddable":true,"href":"https:\/\/hasansaygin.com\/tr\/wp-json\/wp\/v2\/users\/1"}],"replies":[{"embeddable":true,"href":"https:\/\/hasansaygin.com\/tr\/wp-json\/wp\/v2\/comments?post=193"}],"version-history":[{"count":8,"href":"https:\/\/hasansaygin.com\/tr\/wp-json\/wp\/v2\/posts\/193\/revisions"}],"predecessor-version":[{"id":531,"href":"https:\/\/hasansaygin.com\/tr\/wp-json\/wp\/v2\/posts\/193\/revisions\/531"}],"wp:featuredmedia":[{"embeddable":true,"href":"https:\/\/hasansaygin.com\/tr\/wp-json\/wp\/v2\/media\/298"}],"wp:attachment":[{"href":"https:\/\/hasansaygin.com\/tr\/wp-json\/wp\/v2\/media?parent=193"}],"wp:term":[{"taxonomy":"category","embeddable":true,"href":"https:\/\/hasansaygin.com\/tr\/wp-json\/wp\/v2\/categories?post=193"},{"taxonomy":"post_tag","embeddable":true,"href":"https:\/\/hasansaygin.com\/tr\/wp-json\/wp\/v2\/tags?post=193"}],"curies":[{"name":"wp","href":"https:\/\/api.w.org\/{rel}","templated":true}]}}