{"id":205,"date":"2005-03-06T00:00:00","date_gmt":"2005-03-06T00:00:00","guid":{"rendered":"https:\/\/hasansaygin.com\/tr\/Hs\/?p=205"},"modified":"2020-11-06T07:55:44","modified_gmt":"2020-11-06T07:55:44","slug":"surdurulebilir-enerji-politikalari-ve-enerji-verimliligi","status":"publish","type":"post","link":"https:\/\/hasansaygin.com\/tr\/surdurulebilir-enerji-politikalari-ve-enerji-verimliligi\/","title":{"rendered":"S\u00fcrd\u00fcr\u00fclebilir Enerji Politikalar\u0131 ve Enerji Verimlili\u011fi"},"content":{"rendered":"<p align= justify><span style=\"font-family: Courier;\"><span style=\"font-size: medium;\"><span style=\"color: #000000;\">Enerji politikalar\u0131n\u0131n belirlenmesinde \u00e7e\u015fitli a\u015famalar s\u00f6z konusudur. \u0130lk a\u015famada, \u00e7evre g\u00fcvenli\u011fini zedelemeden d\u00fc\u015f\u00fck maliyette enerji arz\u0131n\u0131 ve risklerin da\u011f\u0131t\u0131lmas\u0131yla arz\u0131n s\u00fcreklili\u011fini g\u00fcvenceye alacak temel hedefler belirlenir. \u0130kinci a\u015famada, bu hedeflere ula\u015fabilmek i\u00e7in uygulanacak temel strateji ve politikalar saptanarak yerli ve ithal enerji kaynaklar\u0131 ile farkl\u0131 teknolojilerin \u00e7e\u015fitlendirilmesiyle, ekonomik, \u00e7evresel ve ulusal g\u00fcvenlikle ilgili etkenler aras\u0131nda denge sa\u011flayacak \u015fekilde geli\u015ftirilir. Son a\u015famada, bu enerji politikalar\u0131n\u0131 destekleyecek vergilendirme, te\u015fvik, ve yasal d\u00fczenlemeler gibi \u00e7e\u015fitli siyasi ara\u00e7lar devreye girer.<br \/>\nBir ka\u00e7 on y\u0131l \u00f6ncesine kadar enerji sisteminin s\u00fcrd\u00fcr\u00fclebilirli\u011fi, yaln\u0131zca kullan\u0131m oran\u0131na g\u00f6re enerjinin elde edilebilirli\u011fi esas al\u0131narak tan\u0131mlanmakta iken, g\u00fcn\u00fcm\u00fczde s\u00fcrd\u00fcr\u00fclebilir geli\u015fmenin bilimsel ve etik \u00e7er\u00e7evesi kapsam\u0131nda \u00e7evre g\u00fcvenli\u011fi de enerji g\u00fcvenli\u011fi kadar \u00f6nemli hale gelmi\u015ftir. K\u00fcresel enerji politikalar\u0131n\u0131n belirlenmesinde ekolojik dengeyi tehdit eden \u00e7evre kirlili\u011fi ve k\u00fcresel iklim de\u011fi\u015fikliklerinin hafifletilmesi, s\u00fcrd\u00fcr\u00fclebilirli\u011fin sa\u011flanmas\u0131nda giderek artan bir \u00f6nem kazanm\u0131\u015ft\u0131r. Enerji sekt\u00f6r\u00fcn\u00fcn k\u00fcresel sera gaz\u0131 yay\u0131n\u0131m\u0131na katk\u0131s\u0131n\u0131n toplam yay\u0131n\u0131m\u0131n yakla\u015f\u0131k %50\u2019sini, elektrik \u00fcretiminin neden oldu\u011fu yay\u0131n\u0131m\u0131n ise toplam yay\u0131n\u0131m\u0131n yakla\u015f\u0131k %25\u2019ini olu\u015fturdu\u011fundan, \u00f6zellikle d\u00fc\u015f\u00fck karbon ekonomisinin sa\u011flanmas\u0131 \u00e7evre ile ilgili tart\u0131\u015fmalar\u0131n \u00f6nemli kilit noktalar\u0131ndan birini olu\u015fturmaktad\u0131r.<\/span><\/p>\n<p align= justfiy><span style=\"font-family: Courier;\"><span style=\"font-size: medium;\"><span style=\"color: #000000;\">S\u00fcrd\u00fcr\u00fclebilir geli\u015fme g\u00fcndeminde enerji politikalar\u0131n\u0131n belirlenmesinde \u00e7evresel fakt\u00f6rler bask\u0131nd\u0131r. K\u00fcresel \u0131s\u0131nma ve ona ba\u011fl\u0131 iklim de\u011fi\u015fiklikleri giderek enerji politikalar\u0131n\u0131n s\u00fcrd\u00fcr\u00fclebilirli\u011finin en \u00f6nemli kilit noktalar\u0131ndan biri haline gelmi\u015ftir. Bu nedenle, d\u00fc\u015f\u00fck karbon ekonomisinin olu\u015fturulmas\u0131, g\u00fcn\u00fcm\u00fczde enerji politikalar\u0131na ili\u015fkin tart\u0131\u015fmalar\u0131n da merkezini te\u015fkil etmektedir.<\/span><\/p>\n<p align= justify><span style=\"font-family: Courier;\"><span style=\"font-size: medium;\"><span style=\"color: #000000;\">Enerji sistemlerinin s\u00fcrd\u00fcr\u00fclebilirli\u011finin sa\u011flanmas\u0131nda Enerji verimlili\u011fi; yenilenebilir enerji ve n\u00fckleer enerji; karbon yay\u0131n\u0131m\u0131nda basamak azalma olarak da ifade edilen radikal azalma sa\u011flayacak potansiyele sahip d\u00fc\u015f\u00fck karbon ekonomisine y\u00f6nelik se\u00e7eneklerdir. D\u00fc\u015f\u00fck karbon ekonomisi ve kaynak verimlili\u011fi ba\u011flam\u0131nda olduk\u00e7a iyi bir performansa sahip olan n\u00fckleer g\u00fc\u00e7 santralleri ticari formda geli\u015fmi\u015f bir teknoloji olmas\u0131na, iklim de\u011fi\u015fikli\u011fine neden olan karbon veya di\u011fer gazlar\u0131n yay\u0131mlamamas\u0131na ve yak\u0131t olarak do\u011fada bol miktarda bulunan uranyumun etkin kullanmas\u0131na ra\u011fmen, n\u00fckleer kaza riski, radyoaktif at\u0131k sorunu ve n\u00fckleer silahlar\u0131n yayg\u0131nla\u015fmas\u0131na ili\u015fkin ciddi sorunlar\u0131n\u0131n varl\u0131\u011f\u0131 nedeniyle, k\u00fcresel \u0131s\u0131nma d\u0131\u015f\u0131ndaki s\u00fcrd\u00fcr\u00fclebilir geli\u015fme g\u00fcndemi ile \u00f6nemli a\u00e7mazlar\u0131 s\u00f6z konusudur. \u00c7evre ve insan sa\u011fl\u0131\u011f\u0131 \u00fczerindeki etkilerinin tersinir olmayan do\u011fas\u0131, on binlerce y\u0131ll\u0131k \u00e7ok uzun bir d\u00f6nemi kapsamas\u0131 ve gelecek ku\u015faklar\u0131 etkilemesi, risklerin yerel veya b\u00f6lgesel de\u011fil k\u00fcresel etkileri olan do\u011fas\u0131 nedeniyle sorunun can al\u0131c\u0131 noktas\u0131n\u0131 olu\u015fturan radyoaktif at\u0131k sorunu en \u00f6nemli belirleyici etkendir. Radyoaktif at\u0131k sorununa tatmin edici bir \u00e7\u00f6z\u00fcm bulundu\u011funa ili\u015fkin uzun vadede kararl\u0131 bir konsens\u00fcs sa\u011flanmadan n\u00fckleer enerji se\u00e7ene\u011finin geni\u015fletilemeyece\u011fi, g\u00fcn\u00fcm\u00fczde D\u00fcnyaca kabul g\u00f6ren bir ger\u00e7ektir.<\/span><\/p>\n<p align= justify><span style=\"font-family: Courier;\"><span style=\"font-size: medium;\"><span style=\"color: #000000;\">\u00c7ok y\u00f6nl\u00fc faydalar\u0131na ve inan\u0131lmaz potansiyeline kar\u015f\u0131n, d\u00fc\u015f\u00fck karbon ekonomisine y\u00f6nelik en \u00f6nemli se\u00e7eneklerden biri olan yenilenebilir enerji kaynaklar\u0131ndan sa\u011flanan katk\u0131, g\u00fcn\u00fcm\u00fczdeki maliyetlerinin hen\u00fcz \u00e7ok y\u00fcksek olmas\u0131, yerel etkilerine y\u00f6nelik kayg\u0131lar, ara\u015ft\u0131rma i\u00e7in ayr\u0131lan fonlar\u0131n yetersizli\u011fi ve kurumsal ve ekonomik d\u00fczenlemelerin zay\u0131fl\u0131\u011f\u0131 nedeniyle g\u00fcn\u00fcm\u00fczde beklenenin hala \u00e7ok gerisinde kalmaktad\u0131r. Yeni yenilenebilir enerji kaynaklar\u0131 2000 y\u0131l\u0131 rakamlar\u0131yla k\u00fcresel enerji talebinin yaln\u0131zca %1\u2019ini kar\u015f\u0131lamaktad\u0131r. Bu rakam\u0131n 2025 y\u0131l\u0131nda %6\u2019ya ve 2050\u2019de %12\u2019ye ula\u015faca\u011f\u0131 \u00f6ng\u00f6r\u00fclmektedir. Yenilenebilir ve di\u011fer temiz enerji teknolojilerinin geli\u015ftirilmesi i\u00e7in zamana gereksinim oldu\u011fu ac\u0131kt\u0131r. Bu durum, k\u00fcresel \u0131s\u0131nma ile m\u00fccadelede, fosil yak\u0131tlardan kaynaklanan sera gaz\u0131 yay\u0131n\u0131m\u0131n\u0131n dengelenmesi i\u00e7in en \u00f6nemli se\u00e7enekler aras\u0131nda yer alan enerji tasarrufu ve verimlili\u011finin \u00f6nemini daha da artt\u0131rmaktad\u0131r. Enerji verimlili\u011finin iyile\u015ftirilmesi; sera gaz\u0131 yay\u0131n\u0131m\u0131n\u0131n azalt\u0131lmas\u0131 ve enerji arz g\u00fcvenli\u011finin iyile\u015ftirilmesi \u00fczerindeki \u00f6nemli katk\u0131lar\u0131yla, enerji sisteminin s\u00fcrd\u00fcr\u00fclebilirli\u011finin sa\u011flanmas\u0131nda g\u00fcn\u00fcm\u00fczdeki en \u00f6nemli se\u00e7enek olarak belirmektedir. G\u00fcncel k\u00fcresel enerji politikalar\u0131, enerjide verimlili\u011fin sa\u011flanarak enerji tasarrufu potansiyelinin de\u011ferlendirilmesi, yenilenebilir enerji kullan\u0131m\u0131n\u0131n kademeli olarak artt\u0131r\u0131lmas\u0131, kaynaklar\u0131n ve teknolojilerin \u00e7e\u015fitlendirilmesi ile risk y\u00f6netimini sa\u011flayacak \u015fekilde olu\u015fturulmaktad\u0131r. K\u00fcresel \u0131s\u0131nmaya ile m\u00fccadeleye ili\u015fkin \u00e7a\u011fda\u015f enerji stratejilerinde, \u00f6ncelik s\u0131ras\u0131na g\u00f6re belirlenen enerji hiyerar\u015fisi s\u0131ras\u0131yla: i) Enerji gereksiniminin azalt\u0131lmas\u0131, ii) Enerji verimlili\u011finin sa\u011flanmas\u0131, iii) Yenilenebilir enerji kullan\u0131m\u0131n\u0131n artt\u0131r\u0131lmas\u0131, iv) fosil yak\u0131tl\u0131 enerji kaynaklar\u0131 i\u00e7in temiz ve birle\u015fik \u00e7evrimli enerji teknolojilerinin devreye sokulmas\u0131 seklinde olu\u015fmu\u015ftur.<\/span><\/p>\n<p align= justify><span style=\"font-family: Courier;\"><span style=\"font-size: medium;\"><span style=\"color: #000000;\">T\u00fcrkiye, enerji tasarrufu ve yenilenebilir enerji kaynaklar\u0131 bak\u0131m\u0131ndan b\u00fcy\u00fck bir potansiyele sahiptir. \u00c7a\u011fda\u015f k\u00fcresel enerji politikalar\u0131na ko\u015fut olarak; kalan hidroelektrik potansiyelin iyi de\u011ferlendirilmesine ve yeni yenilenebilirlerin enerji kar\u0131\u015f\u0131m\u0131ndaki pay\u0131n\u0131n kademeli olarak artt\u0131r\u0131lmas\u0131na ve fosil yak\u0131tl\u0131 enerji \u00fcretiminde temiz enerji teknolojilerinin devreye sokulmas\u0131na y\u00f6nelik politikalarla birlikte, verimli\u011fin sa\u011flanarak enerji tasarrufu potansiyelinin de\u011ferlendirilmesini hedefleyen tamamlay\u0131c\u0131 politikalar\u0131n istikrarl\u0131 olarak uygulanmas\u0131 \u00dclkenin \u00e7evre ve enerji arz g\u00fcvenli\u011finin \u00f6nemli \u00f6l\u00e7\u00fcde iyile\u015ftirilmesini m\u00fcmk\u00fcn k\u0131lacakt\u0131r. Bu nedenle, enerji verimlili\u011finin sa\u011flanmas\u0131na ili\u015fkin potansiyelin de\u011ferlendirilmesine ili\u015fkin ayr\u0131nt\u0131l\u0131 politikalar\u0131n olu\u015fturulmas\u0131 ve hayata ge\u00e7irilmesi i\u00e7in gereken yasal d\u00fczenlemelerin yap\u0131lmas\u0131 \u00f6ncelikli hedefler aras\u0131nda yer almal\u0131d\u0131r.<>\/span><\/p>\n<p><strong><span style=\"font-family: Courier;\"><span style=\"font-size: medium;\"><span style=\"color: #000000;\">H. SAYGIN<\/span><\/strong>, \u201c<strong><span style=\"font-family: Courier;\"><span style=\"font-size: medium;\"><span style=\"color: #000000;\">ENERJ\u0130POL\u0130T\u0130K<\/span><\/strong>: <span style=\"font-family: Courier;\"><span style=\"font-size: medium;\"><span style=\"color: #000000;\">S\u00fcrd\u00fcr\u00fclebilir Enerji Politikalar\u0131 ve Enerji Verimlili\u011fi\u201d, <strong><span style=\"font-family: Courier;\"><span style=\"font-size: medium;\"><span style=\"color: #000000;\">Enerji<\/span><\/strong>, Y\u0131l: 10, Say\u0131: 3, Sayfa: 29 (Mart <strong><span style=\"font-family: Courier;\"><span style=\"font-size: medium;\"><span style=\"color: #000000;\">2005<\/span><\/strong>).<\/p>\n","protected":false},"excerpt":{"rendered":"<p>Enerji politikalar\u0131n\u0131n belirlenmesinde \u00e7e\u015fitli a\u015famalar s\u00f6z konusudur. \u0130lk a\u015famada, \u00e7evre g\u00fcvenli\u011fini zedelemeden d\u00fc\u015f\u00fck maliyette enerji arz\u0131n\u0131 ve risklerin da\u011f\u0131t\u0131lmas\u0131yla arz\u0131n s\u00fcreklili\u011fini g\u00fcvenceye alacak temel hedefler belirlenir. \u0130kinci a\u015famada, bu hedeflere ula\u015fabilmek i\u00e7in uygulanacak temel strateji ve politikalar saptanarak yerli ve ithal enerji kaynaklar\u0131 ile farkl\u0131 teknolojilerin \u00e7e\u015fitlendirilmesiyle, ekonomik, \u00e7evresel ve ulusal g\u00fcvenlikle ilgili etkenler aras\u0131nda &hellip; <\/p>\n<p class=\"link-more\"><a href=\"https:\/\/hasansaygin.com\/tr\/surdurulebilir-enerji-politikalari-ve-enerji-verimliligi\/\" class=\"more-link\">Continue reading<span class=\"screen-reader-text\"> &#8220;S\u00fcrd\u00fcr\u00fclebilir Enerji Politikalar\u0131 ve Enerji Verimlili\u011fi&#8221;<\/span><\/a><\/p>\n","protected":false},"author":1,"featured_media":286,"comment_status":"closed","ping_status":"closed","sticky":false,"template":"","format":"standard","meta":{"footnotes":""},"categories":[6],"tags":[],"class_list":["post-205","post","type-post","status-publish","format-standard","has-post-thumbnail","hentry","category-kose-yazilari","entry"],"_links":{"self":[{"href":"https:\/\/hasansaygin.com\/tr\/wp-json\/wp\/v2\/posts\/205","targetHints":{"allow":["GET"]}}],"collection":[{"href":"https:\/\/hasansaygin.com\/tr\/wp-json\/wp\/v2\/posts"}],"about":[{"href":"https:\/\/hasansaygin.com\/tr\/wp-json\/wp\/v2\/types\/post"}],"author":[{"embeddable":true,"href":"https:\/\/hasansaygin.com\/tr\/wp-json\/wp\/v2\/users\/1"}],"replies":[{"embeddable":true,"href":"https:\/\/hasansaygin.com\/tr\/wp-json\/wp\/v2\/comments?post=205"}],"version-history":[{"count":4,"href":"https:\/\/hasansaygin.com\/tr\/wp-json\/wp\/v2\/posts\/205\/revisions"}],"predecessor-version":[{"id":543,"href":"https:\/\/hasansaygin.com\/tr\/wp-json\/wp\/v2\/posts\/205\/revisions\/543"}],"wp:featuredmedia":[{"embeddable":true,"href":"https:\/\/hasansaygin.com\/tr\/wp-json\/wp\/v2\/media\/286"}],"wp:attachment":[{"href":"https:\/\/hasansaygin.com\/tr\/wp-json\/wp\/v2\/media?parent=205"}],"wp:term":[{"taxonomy":"category","embeddable":true,"href":"https:\/\/hasansaygin.com\/tr\/wp-json\/wp\/v2\/categories?post=205"},{"taxonomy":"post_tag","embeddable":true,"href":"https:\/\/hasansaygin.com\/tr\/wp-json\/wp\/v2\/tags?post=205"}],"curies":[{"name":"wp","href":"https:\/\/api.w.org\/{rel}","templated":true}]}}